{"id":1642,"date":"2022-07-04T16:52:05","date_gmt":"2022-07-04T16:52:05","guid":{"rendered":"https:\/\/uiim.edu.mx\/?p=1642"},"modified":"2022-07-15T18:52:03","modified_gmt":"2022-07-15T18:52:03","slug":"colaboracion-de-la-uiim-con-la-jefatura-de-tenencia-de-cuanajo-para-promocion-de-su-oferta-educativa","status":"publish","type":"post","link":"https:\/\/uiim.edu.mx\/?p=1642","title":{"rendered":"Colaboraci\u00f3n de la UIIM con  la Jefatura de Tenencia de Cuanajo para promoci\u00f3n de su Oferta Educativa."},"content":{"rendered":"\n<div class=\"wp-block-media-text alignwide is-stacked-on-mobile is-vertically-aligned-top\"><figure class=\"wp-block-media-text__media\"><img fetchpriority=\"high\" decoding=\"async\" width=\"1024\" height=\"768\" src=\"https:\/\/uiim.edu.mx\/wp-content\/uploads\/2022\/07\/WhatsApp-Image-2022-06-30-at-3.08.22-PM-1024x768.jpeg\" alt=\"\" class=\"wp-image-1643 size-full\" srcset=\"https:\/\/uiim.edu.mx\/wp-content\/uploads\/2022\/07\/WhatsApp-Image-2022-06-30-at-3.08.22-PM-1024x768.jpeg 1024w, https:\/\/uiim.edu.mx\/wp-content\/uploads\/2022\/07\/WhatsApp-Image-2022-06-30-at-3.08.22-PM-300x225.jpeg 300w, https:\/\/uiim.edu.mx\/wp-content\/uploads\/2022\/07\/WhatsApp-Image-2022-06-30-at-3.08.22-PM-768x576.jpeg 768w, https:\/\/uiim.edu.mx\/wp-content\/uploads\/2022\/07\/WhatsApp-Image-2022-06-30-at-3.08.22-PM.jpeg 1280w\" sizes=\"(max-width: 1024px) 100vw, 1024px\" \/><\/figure><div class=\"wp-block-media-text__content\">\n<p>Esta ma\u00f1ana se visit\u00f3 la Jefatura de Tenencia Cuanajo, donde tuvimos excelente recibimiento del Lic. Leopoldo Rosas, con el objetivo de colaborar mutuamente y reforzar la difusi\u00f3n de la oferta educativa de nuestra Universidad.<br>En esta reuni\u00f3n se abordaron temas acerca de la log\u00edstica para promocionar la oferta educativa, fechas para atender la difusi\u00f3n de las carreras y estrategias para tener presencia en la comunidad.<br>Recordamos que la fecha l\u00edmite de inscripciones es hasta el 19 de agosto de 2022.<\/p>\n<\/div><\/div>\n","protected":false},"excerpt":{"rendered":"<p>Esta ma\u00f1ana se visit\u00f3 la Jefatura de Tenencia Cuanajo, donde tuvimos excelente recibimiento del Lic. Leopoldo Rosas, con el objetivo de colaborar mutuamente y reforzar la difusi\u00f3n de la oferta educativa de nuestra Universidad.En esta reuni\u00f3n se abordaron temas acerca de la log\u00edstica para promocionar la oferta educativa, fechas para atender la difusi\u00f3n de las [&hellip;]<\/p>\n","protected":false},"author":3,"featured_media":1643,"comment_status":"closed","ping_status":"open","sticky":false,"template":"","format":"standard","meta":{"footnotes":""},"categories":[23],"tags":[],"class_list":["post-1642","post","type-post","status-publish","format-standard","has-post-thumbnail","hentry","category-noticias"],"blocksy_meta":[],"_links":{"self":[{"href":"https:\/\/uiim.edu.mx\/index.php?rest_route=\/wp\/v2\/posts\/1642","targetHints":{"allow":["GET"]}}],"collection":[{"href":"https:\/\/uiim.edu.mx\/index.php?rest_route=\/wp\/v2\/posts"}],"about":[{"href":"https:\/\/uiim.edu.mx\/index.php?rest_route=\/wp\/v2\/types\/post"}],"author":[{"embeddable":true,"href":"https:\/\/uiim.edu.mx\/index.php?rest_route=\/wp\/v2\/users\/3"}],"replies":[{"embeddable":true,"href":"https:\/\/uiim.edu.mx\/index.php?rest_route=%2Fwp%2Fv2%2Fcomments&post=1642"}],"version-history":[{"count":0,"href":"https:\/\/uiim.edu.mx\/index.php?rest_route=\/wp\/v2\/posts\/1642\/revisions"}],"wp:featuredmedia":[{"embeddable":true,"href":"https:\/\/uiim.edu.mx\/index.php?rest_route=\/wp\/v2\/media\/1643"}],"wp:attachment":[{"href":"https:\/\/uiim.edu.mx\/index.php?rest_route=%2Fwp%2Fv2%2Fmedia&parent=1642"}],"wp:term":[{"taxonomy":"category","embeddable":true,"href":"https:\/\/uiim.edu.mx\/index.php?rest_route=%2Fwp%2Fv2%2Fcategories&post=1642"},{"taxonomy":"post_tag","embeddable":true,"href":"https:\/\/uiim.edu.mx\/index.php?rest_route=%2Fwp%2Fv2%2Ftags&post=1642"}],"curies":[{"name":"wp","href":"https:\/\/api.w.org\/{rel}","templated":true}]}}