{"id":6993,"date":"2025-02-25T15:48:29","date_gmt":"2025-02-25T15:48:29","guid":{"rendered":"https:\/\/uiim.edu.mx\/?p=6993"},"modified":"2025-02-25T16:04:59","modified_gmt":"2025-02-25T16:04:59","slug":"autoridades-federales-y-estatales-inauguraron-los-avances-de-la-segunda-etapa-de-la-infraestructura-fisica-de-la-uiim-en-tirindaro","status":"publish","type":"post","link":"https:\/\/uiim.edu.mx\/?p=6993","title":{"rendered":"Autoridades Federales y Estatales inauguraron los avances de la segunda etapa de la infraestructura f\u00edsica de la UIIM en Tir\u00edndaro."},"content":{"rendered":"\n<p class=\"has-text-align-center\">Autoridades Federales y Estatales inauguraron los avances de la segunda etapa de la infraestructura f\u00edsica de la UIIM en Tir\u00edndaro.<\/p>\n\n\n\n<p class=\"has-text-align-center\">Tirindaro, Michoac\u00e1n, a 22 de febrero del 2025. Con una inversi\u00f3n econ\u00f3mica de m\u00e1s de $17 millones de pesos en los \u00faltimos 3 a\u00f1os para Infraestructura Educativa en la Unidad Acad\u00e9mica Tir\u00edndaro el d\u00eda de hoy autoridades Federales, Estatales y Comunales inauguraron la segunda etapa de la infraestructura f\u00edsica de este plantel con una <a><\/a>inversi\u00f3n aproximada de 8.6 millones de pesos en lo que se refiere s\u00f3lo a la segunda etapa.<\/p>\n\n\n\n<p class=\"has-text-align-center\">A mas de 7 a\u00f1os de iniciar labores, la Unidad Acad\u00e9mica Tir\u00edndaro, la UIIM se consolida como un espacio donde converge una comunidad universitaria en cercan\u00eda con los pueblos de Michoac\u00e1n. Con una matr\u00edcula de alrededor de 1000 estudiantes, atendidos por cerca de 30 docentes la sede Tir\u00edndaro ofrece educaci\u00f3n superior intercultural a m\u00e1s de 10 municipios de la regi\u00f3n de la ci\u00e9nega de Zacapu.<\/p>\n\n\n\n<p class=\"has-text-align-center\">El acto de inauguraci\u00f3n donde se llev\u00f3 a cabo el corte de list\u00f3n, fue presidido por las siguientes autoridades: la Mtra. Elvira M\u00e9ndez Bautista, directora de educaci\u00f3n intercultural de la Subsecretaria de Educaci\u00f3n Superior del Gobierno Federal y coordinadora a nivel Nacional de las Universidades Interculturales, el Ing. Eduardo Pe\u00f1a Garc\u00eda Director de Infraestructura Educativa de la Secretaria de Comunicaciones y Obras P\u00fablicas del Gobierno de Michoac\u00e1n, nuestra Rectora la Mtra. Jennifer Mart\u00ednez Murillo, la Presidenta Municipal de Zacapu M\u00f3nica Valdez Pulido, la diputada federal por el distrito de Zacapu la Lic. Marcela Vel\u00e1zquez Vel\u00e1zquez y el Jefe de Tenencia de la comunidad de Tir\u00edndaro Martin Ju\u00e1rez Gaspar as\u00ed como el Comisariado Ejidal el se\u00f1or Alejandro de la Cruz Cardoso y dem\u00e1s personalidades.<\/p>\n\n\n\n<p class=\"has-text-align-center\">En su mensaje nuestra rectora la Mtra. Jennifer Mart\u00ednez Murillo, agradeci\u00f3 el apoyo del Gobierno Federal y el Estatal que hicieron posible el poder contar con estas instalaciones educativas en beneficio de las y los estudiantes de esta sede. De igual manera agradeci\u00f3 y reconoci\u00f3 la importante muestra de voluntad y compromiso con la educaci\u00f3n de la comunidad de Tir\u00edndaro al haber donado las tierras para que aqu\u00ed se construyera una sede de la Universidad Intercultural Ind\u00edgena de Michoac\u00e1n.<\/p>\n\n\n\n<p class=\"has-text-align-center\">La rectora de la UIIM destac\u00f3 la importante matr\u00edcula con la que cuenta esta sede lo que significa que las cosas se han hecho bien y de ah\u00ed que la sociedad de esta regi\u00f3n este conf\u00edando en nuestra Casa de Estudios. Sin embargo, mencion\u00f3 que a\u00fan queda mucho trabajo por hacer; desde continuar vinculando a la Universidad con las comunidades para que todas conozcan nuestra oferta acad\u00e9mica. Mart\u00ednez Murillo tambi\u00e9n dijo que uno de los desaf\u00edos que tiene la Universidad es lograr profundizar en los procesos de interculturalidad donde podamos fusionar el conocimiento cient\u00edfico con el conocimiento ancestral de nuestros pueblos originarios.<\/p>\n\n\n\n<p class=\"has-text-align-center\">Por su parte la Mtra. Elvira M\u00e9ndez Bautista, Directora de Educaci\u00f3n Intercultural de la Subsecretar\u00eda de Educaci\u00f3n Superior del Gobierno Federal y quien es originaria de la comunidad ind\u00edgena de Cheranastico, en su intervenci\u00f3n se\u00f1al\u00f3 la importancia que juegan las Universidades Interculturales en las comunidades originarias. Destac\u00f3 tambi\u00e9n la importancia de sus procesos de vinculaci\u00f3n donde se pretende que las y los egresados de estas instituciones puedan insertarse en las comunidades para que sean parte de la soluci\u00f3n de las problem\u00e1ticas que existen en cada una de ellas. Tambi\u00e9n se refiri\u00f3 al compromiso que tienen las autoridades federales y estatales de apoyar en las necesidades que tienen las universidades para su buen funcionamiento, como el caso del d\u00eda de hoy donde se esta inaugurando esta importante infraestructura educativa. Finalmente M\u00e9ndez Bautista agreg\u00f3 que tambi\u00e9n una de las funciones principales de las Universidades Interculturales esta en ser esos espacios donde se ense\u00f1a, habla y se revitalizan nuestras lenguas maternas.<\/p>\n\n\n\n<figure class=\"wp-block-image size-large\"><img fetchpriority=\"high\" decoding=\"async\" width=\"1024\" height=\"682\" src=\"https:\/\/uiim.edu.mx\/wp-content\/uploads\/2025\/02\/image-1-1024x682.png\" alt=\"\" class=\"wp-image-6995\" srcset=\"https:\/\/uiim.edu.mx\/wp-content\/uploads\/2025\/02\/image-1-1024x682.png 1024w, https:\/\/uiim.edu.mx\/wp-content\/uploads\/2025\/02\/image-1-300x200.png 300w, https:\/\/uiim.edu.mx\/wp-content\/uploads\/2025\/02\/image-1-768x512.png 768w, https:\/\/uiim.edu.mx\/wp-content\/uploads\/2025\/02\/image-1-1536x1023.png 1536w, https:\/\/uiim.edu.mx\/wp-content\/uploads\/2025\/02\/image-1.png 1600w\" sizes=\"(max-width: 1024px) 100vw, 1024px\" \/><\/figure>\n\n\n\n<p><\/p>\n","protected":false},"excerpt":{"rendered":"<p>Autoridades Federales y Estatales inauguraron los avances de la segunda etapa de la infraestructura f\u00edsica de la UIIM en Tir\u00edndaro. Tirindaro, Michoac\u00e1n, a 22 de febrero del 2025. Con una inversi\u00f3n econ\u00f3mica de m\u00e1s de $17 millones de pesos en los \u00faltimos 3 a\u00f1os para Infraestructura Educativa en la Unidad Acad\u00e9mica Tir\u00edndaro el d\u00eda de [&hellip;]<\/p>\n","protected":false},"author":7,"featured_media":6994,"comment_status":"closed","ping_status":"open","sticky":false,"template":"","format":"standard","meta":{"footnotes":""},"categories":[23],"tags":[],"class_list":["post-6993","post","type-post","status-publish","format-standard","has-post-thumbnail","hentry","category-noticias"],"blocksy_meta":[],"_links":{"self":[{"href":"https:\/\/uiim.edu.mx\/index.php?rest_route=\/wp\/v2\/posts\/6993","targetHints":{"allow":["GET"]}}],"collection":[{"href":"https:\/\/uiim.edu.mx\/index.php?rest_route=\/wp\/v2\/posts"}],"about":[{"href":"https:\/\/uiim.edu.mx\/index.php?rest_route=\/wp\/v2\/types\/post"}],"author":[{"embeddable":true,"href":"https:\/\/uiim.edu.mx\/index.php?rest_route=\/wp\/v2\/users\/7"}],"replies":[{"embeddable":true,"href":"https:\/\/uiim.edu.mx\/index.php?rest_route=%2Fwp%2Fv2%2Fcomments&post=6993"}],"version-history":[{"count":1,"href":"https:\/\/uiim.edu.mx\/index.php?rest_route=\/wp\/v2\/posts\/6993\/revisions"}],"predecessor-version":[{"id":6996,"href":"https:\/\/uiim.edu.mx\/index.php?rest_route=\/wp\/v2\/posts\/6993\/revisions\/6996"}],"wp:featuredmedia":[{"embeddable":true,"href":"https:\/\/uiim.edu.mx\/index.php?rest_route=\/wp\/v2\/media\/6994"}],"wp:attachment":[{"href":"https:\/\/uiim.edu.mx\/index.php?rest_route=%2Fwp%2Fv2%2Fmedia&parent=6993"}],"wp:term":[{"taxonomy":"category","embeddable":true,"href":"https:\/\/uiim.edu.mx\/index.php?rest_route=%2Fwp%2Fv2%2Fcategories&post=6993"},{"taxonomy":"post_tag","embeddable":true,"href":"https:\/\/uiim.edu.mx\/index.php?rest_route=%2Fwp%2Fv2%2Ftags&post=6993"}],"curies":[{"name":"wp","href":"https:\/\/api.w.org\/{rel}","templated":true}]}}